{"id":1,"date":"2021-09-01T11:38:36","date_gmt":"2021-09-01T14:38:36","guid":{"rendered":"https:\/\/acervosvirtuais.ufpel.edu.br\/mdoce\/?p=1"},"modified":"2022-08-09T22:24:41","modified_gmt":"2022-08-10T01:24:41","slug":"ola-mundo","status":"publish","type":"post","link":"https:\/\/acervosvirtuais.ufpel.edu.br\/mdoce\/2021\/09\/01\/ola-mundo\/","title":{"rendered":"Sejam bem vindos!"},"content":{"rendered":"<p>Bem-vindos a p\u00e1gina do Acervos Virtuais do Museu do Doce da Universidade Federal de Pelotas!<\/p>\n<p>O museu fica situado na Pra\u00e7a Coronel Pedro Os\u00f3rio, n\u00famero 8 \u2013 foi criado em 30 de dezembro de 2011 e configura-se como \u00f3rg\u00e3o suplementar do Instituto de Ci\u00eancias Humanas da UFPel e tem como miss\u00e3o salvaguardar os suportes de mem\u00f3ria da tradi\u00e7\u00e3o doceira de Pelotas e da regi\u00e3o e como compromisso, produzir conhecimento sobre esse patrim\u00f4nio.<\/p>\n<p>A casa hist\u00f3rica que sedia o Museu do Doce foi constru\u00edda em 1878 a mando de Francisco Antunes Maciel, pol\u00edtico pelotense que foi Conselheiro do Imperador. Em 1950, a fam\u00edlia mudou-se para o Rio de Janeiro e alugou a casa para uso do Comando da atual 8 Brigada de Infantaria Motorizada do Ex\u00e9rcito Brasileiro\u201d. Em 1977, a casa foi tombada em n\u00edvel federal pelo Iphan e comprada pela UFPel em 2006. Em 2010, a UFPel deu in\u00edcio ao processo de restaura\u00e7\u00e3o e adequa\u00e7\u00e3o das instala\u00e7\u00f5es para uso do Museu. Em 2013, o restauro foi conclu\u00eddo e o Museu do Doce instalou-se na casa.<\/p>\n<p>Al\u00e9m disso, preserva uma s\u00e9rie de objetos que tem origem nas tradi\u00e7\u00f5es doceiras de Pelotas e regi\u00e3o, como tamb\u00e9m de pe\u00e7as que se relacionam direta ou indiretamente com essas tradi\u00e7\u00f5es. O doce local como fen\u00f4meno cultural que se reconhece por meio desses diversos suportes e registros, ganha narrativas e representa\u00e7\u00f5es a partir das diferentes articula\u00e7\u00f5es poss\u00edveis entre esses conjuntos. \u00c9 parte da rotina do museu, do aperfei\u00e7oamento de sua estrutura de acondicionamento e protocolos de documenta\u00e7\u00e3o\/cataloga\u00e7\u00e3o e de guarda, que s\u00e3o tamb\u00e9m desenvolvidos processos investigativos em torno das pe\u00e7as de modo a potencializar as qualidades comunicacionais do acervo.<\/p>\n<p>Todas as cole\u00e7\u00f5es preservadas no Museu do Doce surgiram a partir de doa\u00e7\u00f5es realizadas pela comunidade. Algumas dessas cole\u00e7\u00f5es devem sua conforma\u00e7\u00e3o a partir de expressivos conjuntos com origem em um \u00fanico doador. Frequentemente o museu recebe doa\u00e7\u00f5es individuais de pe\u00e7as que dialogam com as cole\u00e7\u00f5es j\u00e1 existentes. Interessados em realizar doa\u00e7\u00f5es de pe\u00e7as para o acervo do museu devem contatar a institui\u00e7\u00e3o por meio do e-mail:\u00a0<a href=\"mailto:museudodocedaufpel@gmail.com\">museudodocedaufpel@gmail.com<\/a><\/p>\n<p>Atualmente s\u00e3o seis as cole\u00e7\u00f5es preservadas, al\u00e9m de duas subcole\u00e7\u00f5es. Essas divis\u00f5es materializam uma organiza\u00e7\u00e3o contextual para as pe\u00e7as, bem como oferecem uma marca distintiva por grupo de objetos (sigla) para a documenta\u00e7\u00e3o gerada sobre o acervo. Em 2019 iniciou-se ainda uma cole\u00e7\u00e3o referente a doces industrializados com origem em tradi\u00e7\u00f5es e modelos de produ\u00e7\u00e3o diversos e com origem em outras regi\u00f5es, tendo surgida a partir de doa\u00e7\u00f5es recebidas para a realiza\u00e7\u00e3o da exposi\u00e7\u00e3o tempor\u00e1ria intitulada \u201cDe Madeleines e Pirulitos: o doce na inf\u00e2ncia\u201d.<\/p>\n<p>As seis cole\u00e7\u00f5es s\u00e3o: <b><i>Doceiras Artesanais; F\u00e1bricas de Doces de Frutas;\u00a0F\u00e1bricas de Doces Finos; Confeitarias; Feira Nacional do Doce &#8211; Fenadoce\u00a0<\/i><\/b>e <b><i>Casa do Conselheiro Maciel.\u00a0<\/i><\/b><\/p>\n","protected":false},"excerpt":{"rendered":"<p>Bem-vindos a p\u00e1gina do Acervos Virtuais do Museu do Doce da Universidade Federal de Pelotas! O museu fica situado na Pra\u00e7a Coronel Pedro Os\u00f3rio, n\u00famero 8 \u2013 foi criado em 30 de dezembro de 2011 e configura-se como \u00f3rg\u00e3o suplementar do Instituto de Ci\u00eancias Humanas da UFPel e tem como miss\u00e3o salvaguardar os suportes de [&hellip;]<\/p>\n","protected":false},"author":22,"featured_media":0,"comment_status":"closed","ping_status":"open","sticky":false,"template":"","format":"standard","meta":{"footnotes":""},"categories":[1],"tags":[],"class_list":["post-1","post","type-post","status-publish","format-standard","hentry","category-noticias"],"jetpack_featured_media_url":"","_links":{"self":[{"href":"https:\/\/acervosvirtuais.ufpel.edu.br\/mdoce\/wp-json\/wp\/v2\/posts\/1","targetHints":{"allow":["GET"]}}],"collection":[{"href":"https:\/\/acervosvirtuais.ufpel.edu.br\/mdoce\/wp-json\/wp\/v2\/posts"}],"about":[{"href":"https:\/\/acervosvirtuais.ufpel.edu.br\/mdoce\/wp-json\/wp\/v2\/types\/post"}],"author":[{"embeddable":true,"href":"https:\/\/acervosvirtuais.ufpel.edu.br\/mdoce\/wp-json\/wp\/v2\/users\/22"}],"replies":[{"embeddable":true,"href":"https:\/\/acervosvirtuais.ufpel.edu.br\/mdoce\/wp-json\/wp\/v2\/comments?post=1"}],"version-history":[{"count":6,"href":"https:\/\/acervosvirtuais.ufpel.edu.br\/mdoce\/wp-json\/wp\/v2\/posts\/1\/revisions"}],"predecessor-version":[{"id":1224,"href":"https:\/\/acervosvirtuais.ufpel.edu.br\/mdoce\/wp-json\/wp\/v2\/posts\/1\/revisions\/1224"}],"wp:attachment":[{"href":"https:\/\/acervosvirtuais.ufpel.edu.br\/mdoce\/wp-json\/wp\/v2\/media?parent=1"}],"wp:term":[{"taxonomy":"category","embeddable":true,"href":"https:\/\/acervosvirtuais.ufpel.edu.br\/mdoce\/wp-json\/wp\/v2\/categories?post=1"},{"taxonomy":"post_tag","embeddable":true,"href":"https:\/\/acervosvirtuais.ufpel.edu.br\/mdoce\/wp-json\/wp\/v2\/tags?post=1"}],"curies":[{"name":"wp","href":"https:\/\/api.w.org\/{rel}","templated":true}]}}