{"id":5572,"date":"2020-09-21T17:09:17","date_gmt":"2020-09-21T20:09:17","guid":{"rendered":"https:\/\/acervosvirtuais.ufpel.edu.br\/malg\/?p=5572"},"modified":"2020-09-22T15:30:31","modified_gmt":"2020-09-22T18:30:31","slug":"caringi-monumento-as-maes","status":"publish","type":"post","link":"https:\/\/acervosvirtuais.ufpel.edu.br\/malg\/2020\/09\/21\/caringi-monumento-as-maes\/","title":{"rendered":"Caringi, monumento \u00e0s m\u00e3es"},"content":{"rendered":"\n<div class=\"wp-block-cover alignwide has-background-dim-20 has-background-dim is-position-center-center\" style=\"background-image:url(https:\/\/acervosvirtuais.ufpel.edu.br\/malg\/wp-content\/uploads\/sites\/8\/2020\/09\/10-1570-3-scaled.jpg);background-position:45% 22%;min-height:375px;aspect-ratio:unset;\"><div class=\"wp-block-cover__inner-container is-layout-flow wp-block-cover-is-layout-flow\">\n<p class=\"has-text-align-center has-large-font-size\"><\/p>\n<\/div><\/div>\n\n\n\n<div style=\"height:70px\" aria-hidden=\"true\" class=\"wp-block-spacer\"><\/div>\n\n\n\n<div class=\"wp-block-group\"><div class=\"wp-block-group__inner-container is-layout-flow wp-block-group-is-layout-flow\">\n<h2 class=\"has-text-color wp-block-heading\" style=\"font-size:38px;color:#ba0c49\">Caringi, monumento \u00e0s m\u00e3es<\/h2>\n\n\n\n<div class=\"wp-block-columns is-layout-flex wp-container-core-columns-is-layout-28f84493 wp-block-columns-is-layout-flex\">\n<div class=\"wp-block-column is-layout-flow wp-block-column-is-layout-flow\">\n<p>Os quatro estudos para o \u201cMonumento \u00e0s m\u00e3es\u201d fazem parte da mais recente cole\u00e7\u00e3o do MALG: a Cole\u00e7\u00e3o Ant\u00f4nio Caringi, definida a partir de investiga\u00e7\u00f5es e estudos do N\u00facleo de Acervo e Reserva T\u00e9cnica do museu. O MALG apresentou virtualmente no dia das m\u00e3es os estudos para esse monumento que, em Pelotas, localiza-se a poucos metros do museu, no cora\u00e7\u00e3o da Pra\u00e7a Coronel Pedro Os\u00f3rio. A modelo foi a esposa do artista, a poeta Noemi de Assump\u00e7\u00e3o Osorio Caringi &#8211; m\u00e3e de seus seis filhos!<\/p>\n<\/div>\n\n\n\n<div class=\"wp-block-column is-layout-flow wp-block-column-is-layout-flow\"><\/div>\n<\/div>\n<\/div><\/div>\n\n\n\n<div style=\"height:70px\" aria-hidden=\"true\" class=\"wp-block-spacer\"><\/div>\n\n\n\n<hr class=\"wp-block-separator\" \/>\n\n\n\n<div style=\"height:70px\" aria-hidden=\"true\" class=\"wp-block-spacer\"><\/div>\n\n\n\n<div class=\"wp-block-tainacan-items-list alignwide\"><ul class=\"items-list  items-layout-grid\"><li class=\"item-list-item\" style=\"margin-bottom:12px\"><button type=\"button\" class=\"components-button has-icon\" aria-label=\"Remove\"><\/button><a id=\"item-id-2615\" href=\"https:\/\/acervosvirtuais.ufpel.edu.br\/malg\/a-arte-do-oriente\/emblematica-xxi\/\" target=\"_blank\" class=\" \" rel=\"noopener noreferrer\"><img decoding=\"async\" src=\"https:\/\/acervosvirtuais.ufpel.edu.br\/malg\/wp-content\/uploads\/sites\/8\/2020\/09\/10-1570-3-275x275.jpg\" alt=\"Emblem\u00e1tica XXI\" \/><span>Emblem\u00e1tica XXI<\/span><\/a><\/li><\/ul><\/div>\n\n\n\n<p><\/p>\n","protected":false},"excerpt":{"rendered":"<p>Caringi, monumento \u00e0s m\u00e3es Os quatro estudos para o \u201cMonumento \u00e0s m\u00e3es\u201d fazem parte da mais recente cole\u00e7\u00e3o do MALG: a Cole\u00e7\u00e3o Ant\u00f4nio Caringi, definida a partir de investiga\u00e7\u00f5es e estudos do N\u00facleo de Acervo e Reserva T\u00e9cnica do museu. O MALG apresentou virtualmente no dia das m\u00e3es os estudos para esse monumento que, em [&hellip;]<\/p>\n","protected":false},"author":11,"featured_media":0,"comment_status":"closed","ping_status":"closed","sticky":false,"template":"","format":"standard","meta":{"_jetpack_memberships_contains_paid_content":false,"footnotes":""},"categories":[1],"tags":[],"class_list":["post-5572","post","type-post","status-publish","format-standard","hentry","category-noticias"],"jetpack_featured_media_url":"","jetpack_sharing_enabled":true,"_links":{"self":[{"href":"https:\/\/acervosvirtuais.ufpel.edu.br\/malg\/wp-json\/wp\/v2\/posts\/5572","targetHints":{"allow":["GET"]}}],"collection":[{"href":"https:\/\/acervosvirtuais.ufpel.edu.br\/malg\/wp-json\/wp\/v2\/posts"}],"about":[{"href":"https:\/\/acervosvirtuais.ufpel.edu.br\/malg\/wp-json\/wp\/v2\/types\/post"}],"author":[{"embeddable":true,"href":"https:\/\/acervosvirtuais.ufpel.edu.br\/malg\/wp-json\/wp\/v2\/users\/11"}],"replies":[{"embeddable":true,"href":"https:\/\/acervosvirtuais.ufpel.edu.br\/malg\/wp-json\/wp\/v2\/comments?post=5572"}],"version-history":[{"count":1,"href":"https:\/\/acervosvirtuais.ufpel.edu.br\/malg\/wp-json\/wp\/v2\/posts\/5572\/revisions"}],"predecessor-version":[{"id":5575,"href":"https:\/\/acervosvirtuais.ufpel.edu.br\/malg\/wp-json\/wp\/v2\/posts\/5572\/revisions\/5575"}],"wp:attachment":[{"href":"https:\/\/acervosvirtuais.ufpel.edu.br\/malg\/wp-json\/wp\/v2\/media?parent=5572"}],"wp:term":[{"taxonomy":"category","embeddable":true,"href":"https:\/\/acervosvirtuais.ufpel.edu.br\/malg\/wp-json\/wp\/v2\/categories?post=5572"},{"taxonomy":"post_tag","embeddable":true,"href":"https:\/\/acervosvirtuais.ufpel.edu.br\/malg\/wp-json\/wp\/v2\/tags?post=5572"}],"curies":[{"name":"wp","href":"https:\/\/api.w.org\/{rel}","templated":true}]}}