{"id":5568,"date":"2020-09-21T17:08:48","date_gmt":"2020-09-21T20:08:48","guid":{"rendered":"https:\/\/acervosvirtuais.ufpel.edu.br\/malg\/?p=5568"},"modified":"2020-09-25T11:20:14","modified_gmt":"2020-09-25T14:20:14","slug":"colecao-seculo-xxi","status":"publish","type":"post","link":"https:\/\/acervosvirtuais.ufpel.edu.br\/malg\/2020\/09\/21\/colecao-seculo-xxi\/","title":{"rendered":"Cole\u00e7\u00e3o S\u00e9culo XXI"},"content":{"rendered":"\n<div class=\"wp-block-cover alignwide has-background-dim-20 has-background-dim is-position-center-center\" style=\"background-image:url(https:\/\/acervosvirtuais.ufpel.edu.br\/malg\/wp-content\/uploads\/sites\/8\/2020\/09\/07-530-2-Pagina-126-scaled.jpg);background-position:51% 59%;min-height:375px;aspect-ratio:unset;\"><div class=\"wp-block-cover__inner-container is-layout-flow wp-block-cover-is-layout-flow\">\n<p class=\"has-text-align-center has-large-font-size\"><\/p>\n<\/div><\/div>\n\n\n\n<div style=\"height:70px\" aria-hidden=\"true\" class=\"wp-block-spacer\"><\/div>\n\n\n\n<div class=\"wp-block-group\"><div class=\"wp-block-group__inner-container is-layout-flow wp-block-group-is-layout-flow\">\n<h2 class=\"has-text-color wp-block-heading\" style=\"font-size:38px;color:#ba0c49\">Cole\u00e7\u00e3o S\u00e9culo XXI<\/h2>\n\n\n\n<div class=\"wp-block-columns is-layout-flex wp-container-core-columns-is-layout-28f84493 wp-block-columns-is-layout-flex\">\n<div class=\"wp-block-column is-layout-flow wp-block-column-is-layout-flow\">\n<p>Seguindo a mesma l\u00f3gica da Cole\u00e7\u00e3o S\u00e9culo XX, a Cole\u00e7\u00e3o S\u00e9culo XXI tamb\u00e9m foi definida pela data de ingresso das obras no acervo do museu, neste caso a partir do ano 2001 \u2013 e principalmente atrav\u00e9s de doa\u00e7\u00f5es.<\/p>\n\n\n\n<p>Quanto a isso, um dado e algumas curiosidades: a Cole\u00e7\u00e3o S\u00e9culo XXI \u00e9 significativamente menor que a Cole\u00e7\u00e3o S\u00e9culo XX. A primeira conta com um total de 160 obras que ingressaram no MALG entre 1986 e 2000 (14 anos), ao passo que a segunda possui 70 obras, incorporadas entre 2001 e 2020 (19 anos).<\/p>\n\n\n\n<p>Dois fatores talvez expliquem essas diferen\u00e7as: de 1986 a 2000 o MALG era um museu ainda em forma\u00e7\u00e3o, portanto havia interesse em se constituir e ampliar seu acervo. Al\u00e9m disso, o museu publicava editais anuais para realiza\u00e7\u00e3o de exposi\u00e7\u00f5es e, uma das cl\u00e1usulas, era que o expositor deveria doar uma obra ao museu.<\/p>\n\n\n\n<p>A partir de 2001 as coisas foram se transformando: o acervo cresceu, uma nova e importante cole\u00e7\u00e3o foi doada ao museu &#8211; Cole\u00e7\u00e3o L. C. Vinholes &#8211; e a chegada de profissionais especializados &#8211; uma muse\u00f3loga e um conservador e restaurador &#8211; tamb\u00e9m contribuiu para o amadurecimento da institui\u00e7\u00e3o, que passou a ter sede pr\u00f3pria em 2018 \u2013 o que tem implicado a adequa\u00e7\u00e3o dos espa\u00e7os, enquanto se aguarda a amplia\u00e7\u00e3o e adapta\u00e7\u00e3o das novas \u00e1reas junto ao p\u00e1tio interno do museu.<\/p>\n<\/div>\n\n\n\n<div class=\"wp-block-column is-layout-flow wp-block-column-is-layout-flow\">\n<p>As curiosidades ficam por conta do pr\u00f3prio conte\u00fado das cole\u00e7\u00f5es que parece contrastar com suas defini\u00e7\u00f5es &#8211; ou o entendimento que se pode ter delas. Assim, se imaginaria que a Cole\u00e7\u00e3o S\u00e9culo XXI, por ser a mais recente cronologicamente, seria composta por obras contempor\u00e2neas. No entanto, pelos crit\u00e9rios adotados, as pinturas de Frederico Trebbi &#8211; um dos primeiros pintores de Pelotas e que foi professor de Gotuzzo &#8211; pertencem a esta Cole\u00e7\u00e3o, pois foram doadas por Maria Ignez Caputo em 2008.<\/p>\n\n\n\n<p>Assim, com um acervo razo\u00e1vel, o museu e suas comiss\u00f5es passam a explorar seu acervo e as diversas perspectivas e narrativas poss\u00edveis. Na Cole\u00e7\u00e3o S\u00e9culo XXI \u00e9 poss\u00edvel reconhecer algumas obras emblem\u00e1ticas, como o m\u00faltiplo de Cildo Meireles \u201cZero d\u00f3lar, zero cruzeiro\u201d (1984), doado pelo Projeto Arte na Escola.<\/p>\n\n\n\n<p>Como \u00e9 uma cole\u00e7\u00e3o que ainda est\u00e1 em constru\u00e7\u00e3o, poder\u00e1 definir crit\u00e9rios em rela\u00e7\u00e3o ao reestudo das demais cole\u00e7\u00f5es, bem como \u00e0s miss\u00f5es e objetivos do pr\u00f3prio museu e, as novas obras que ingressarem para o acervo do MALG j\u00e1 serem redirecionadas para as demais cole\u00e7\u00f5es a partir de crit\u00e9rios e afinidades poss\u00edveis.<\/p>\n<\/div>\n<\/div>\n<\/div><\/div>\n\n\n\n<div style=\"height:70px\" aria-hidden=\"true\" class=\"wp-block-spacer\"><\/div>\n\n\n\n<hr class=\"wp-block-separator\" \/>\n\n\n\n<div style=\"height:70px\" aria-hidden=\"true\" class=\"wp-block-spacer\"><\/div>\n\n\n\n<div class=\"wp-block-tainacan-items-list alignwide\"><ul class=\"items-list  items-layout-grid\"><li class=\"item-list-item\" style=\"margin-bottom:12px\"><button type=\"button\" class=\"components-button has-icon\" aria-label=\"Remove\"><\/button><a id=\"item-id-5501\" href=\"https:\/\/acervosvirtuais.ufpel.edu.br\/malg\/seculo-xxi\/sem-titulo\/\" target=\"_blank\" class=\" \" rel=\"noopener noreferrer\"><img decoding=\"async\" src=\"https:\/\/acervosvirtuais.ufpel.edu.br\/malg\/wp-content\/uploads\/sites\/8\/tainacan-items\/5267\/5501\/11-167-Pagina-130-275x275.jpg\" alt=\"Sem t\u00edtulo\" \/><span>Sem t\u00edtulo<\/span><\/a><\/li><li class=\"item-list-item\" style=\"margin-bottom:12px\"><button type=\"button\" class=\"components-button has-icon\" aria-label=\"Remove\"><\/button><a id=\"item-id-5487\" href=\"https:\/\/acervosvirtuais.ufpel.edu.br\/malg\/seculo-xxi\/nicolau-caputo\/\" target=\"_blank\" class=\" \" rel=\"noopener noreferrer\"><img decoding=\"async\" src=\"https:\/\/acervosvirtuais.ufpel.edu.br\/malg\/wp-content\/uploads\/sites\/8\/2020\/09\/10-573.1-10-Pagina-129-275x275.jpg\" alt=\"Nicolau Caputo\" \/><span>Nicolau Caputo<\/span><\/a><\/li><li class=\"item-list-item\" style=\"margin-bottom:12px\"><button type=\"button\" class=\"components-button has-icon\" aria-label=\"Remove\"><\/button><a id=\"item-id-5461\" href=\"https:\/\/acervosvirtuais.ufpel.edu.br\/malg\/seculo-xxi\/andreana-carrazone-caputo\/\" target=\"_blank\" class=\" \" rel=\"noopener noreferrer\"><img decoding=\"async\" src=\"https:\/\/acervosvirtuais.ufpel.edu.br\/malg\/wp-content\/uploads\/sites\/8\/2020\/09\/09-572-3-10-Pagina-128-275x275.jpg\" alt=\"Andreana Carrazone Caputo\" \/><span>Andreana Carrazone Caputo<\/span><\/a><\/li><li class=\"item-list-item\" style=\"margin-bottom:12px\"><button type=\"button\" class=\"components-button has-icon\" aria-label=\"Remove\"><\/button><a id=\"item-id-5443\" href=\"https:\/\/acervosvirtuais.ufpel.edu.br\/malg\/seculo-xxi\/nu-masculino\/\" target=\"_blank\" class=\" \" rel=\"noopener noreferrer\"><img decoding=\"async\" src=\"https:\/\/acervosvirtuais.ufpel.edu.br\/malg\/wp-content\/uploads\/sites\/8\/2020\/09\/08-560-3-Pagina-127-275x275.jpg\" alt=\"Nu masculino\" \/><span>Nu masculino<\/span><\/a><\/li><li class=\"item-list-item\" style=\"margin-bottom:12px\"><button type=\"button\" class=\"components-button has-icon\" aria-label=\"Remove\"><\/button><a id=\"item-id-5418\" href=\"https:\/\/acervosvirtuais.ufpel.edu.br\/malg\/seculo-xxi\/zero-dolar-e-zero-cruzeiro\/\" target=\"_blank\" class=\" \" rel=\"noopener noreferrer\"><img decoding=\"async\" src=\"https:\/\/acervosvirtuais.ufpel.edu.br\/malg\/wp-content\/uploads\/sites\/8\/2020\/09\/07-530-2-Pagina-126-275x275.jpg\" alt=\"Zero D\u00f3lar e Zero Cruzeiro\" \/><span>Zero D\u00f3lar e Zero Cruzeiro<\/span><\/a><\/li><li class=\"item-list-item\" style=\"margin-bottom:12px\"><button type=\"button\" class=\"components-button has-icon\" aria-label=\"Remove\"><\/button><a id=\"item-id-5395\" href=\"https:\/\/acervosvirtuais.ufpel.edu.br\/malg\/seculo-xxi\/deskxixtence\/\" target=\"_blank\" class=\" \" rel=\"noopener noreferrer\"><img decoding=\"async\" src=\"https:\/\/acervosvirtuais.ufpel.edu.br\/malg\/wp-content\/uploads\/sites\/8\/2020\/09\/05-574-3-Pagina-121-275x275.jpg\" alt=\"Deskxixtence\" \/><span>Deskxixtence<\/span><\/a><\/li><li class=\"item-list-item\" style=\"margin-bottom:12px\"><button type=\"button\" class=\"components-button has-icon\" aria-label=\"Remove\"><\/button><a id=\"item-id-5377\" href=\"https:\/\/acervosvirtuais.ufpel.edu.br\/malg\/seculo-xxi\/namoro\/\" target=\"_blank\" class=\" \" rel=\"noopener noreferrer\"><img decoding=\"async\" src=\"https:\/\/acervosvirtuais.ufpel.edu.br\/malg\/wp-content\/uploads\/sites\/8\/2020\/09\/04-231-3-Pagina-118-275x275.jpg\" alt=\"Namoro\" \/><span>Namoro<\/span><\/a><\/li><li class=\"item-list-item\" style=\"margin-bottom:12px\"><button type=\"button\" class=\"components-button has-icon\" aria-label=\"Remove\"><\/button><a id=\"item-id-5352\" href=\"https:\/\/acervosvirtuais.ufpel.edu.br\/malg\/seculo-xxi\/actio-temporis\/\" target=\"_blank\" class=\" \" rel=\"noopener noreferrer\"><img decoding=\"async\" src=\"https:\/\/acervosvirtuais.ufpel.edu.br\/malg\/wp-content\/uploads\/sites\/8\/2020\/09\/03-358-3-Pagina-118-275x275.jpg\" alt=\"Actio Temporis\" \/><span>Actio Temporis<\/span><\/a><\/li><li class=\"item-list-item\" style=\"margin-bottom:12px\"><button type=\"button\" class=\"components-button has-icon\" aria-label=\"Remove\"><\/button><a id=\"item-id-5338\" href=\"https:\/\/acervosvirtuais.ufpel.edu.br\/malg\/seculo-xxi\/sem-titulo-2\/\" target=\"_blank\" class=\" \" rel=\"noopener noreferrer\"><img decoding=\"async\" src=\"https:\/\/acervosvirtuais.ufpel.edu.br\/malg\/wp-content\/uploads\/sites\/8\/2020\/09\/02-549-2-Pagina-116-275x275.jpg\" alt=\"Sem t\u00edtulo\" \/><span>Sem t\u00edtulo<\/span><\/a><\/li><li class=\"item-list-item\" style=\"margin-bottom:12px\"><button type=\"button\" class=\"components-button has-icon\" aria-label=\"Remove\"><\/button><a id=\"item-id-5287\" href=\"https:\/\/acervosvirtuais.ufpel.edu.br\/malg\/seculo-xxi\/navegantes\/\" target=\"_blank\" class=\" \" rel=\"noopener noreferrer\"><img decoding=\"async\" src=\"https:\/\/acervosvirtuais.ufpel.edu.br\/malg\/wp-content\/uploads\/sites\/8\/2020\/09\/01-361-Pagina-116-275x275.jpg\" alt=\"Navegantes\" \/><span>Navegantes<\/span><\/a><\/li><\/ul><\/div>\n","protected":false},"excerpt":{"rendered":"<p>Cole\u00e7\u00e3o S\u00e9culo XXI Seguindo a mesma l\u00f3gica da Cole\u00e7\u00e3o S\u00e9culo XX, a Cole\u00e7\u00e3o S\u00e9culo XXI tamb\u00e9m foi definida pela data de ingresso das obras no acervo do museu, neste caso a partir do ano 2001 \u2013 e principalmente atrav\u00e9s de doa\u00e7\u00f5es. Quanto a isso, um dado e algumas curiosidades: a Cole\u00e7\u00e3o S\u00e9culo XXI \u00e9 significativamente [&hellip;]<\/p>\n","protected":false},"author":11,"featured_media":0,"comment_status":"closed","ping_status":"closed","sticky":false,"template":"","format":"standard","meta":{"_jetpack_memberships_contains_paid_content":false,"footnotes":""},"categories":[1],"tags":[],"class_list":["post-5568","post","type-post","status-publish","format-standard","hentry","category-noticias"],"jetpack_featured_media_url":"","jetpack_sharing_enabled":true,"_links":{"self":[{"href":"https:\/\/acervosvirtuais.ufpel.edu.br\/malg\/wp-json\/wp\/v2\/posts\/5568","targetHints":{"allow":["GET"]}}],"collection":[{"href":"https:\/\/acervosvirtuais.ufpel.edu.br\/malg\/wp-json\/wp\/v2\/posts"}],"about":[{"href":"https:\/\/acervosvirtuais.ufpel.edu.br\/malg\/wp-json\/wp\/v2\/types\/post"}],"author":[{"embeddable":true,"href":"https:\/\/acervosvirtuais.ufpel.edu.br\/malg\/wp-json\/wp\/v2\/users\/11"}],"replies":[{"embeddable":true,"href":"https:\/\/acervosvirtuais.ufpel.edu.br\/malg\/wp-json\/wp\/v2\/comments?post=5568"}],"version-history":[{"count":2,"href":"https:\/\/acervosvirtuais.ufpel.edu.br\/malg\/wp-json\/wp\/v2\/posts\/5568\/revisions"}],"predecessor-version":[{"id":5599,"href":"https:\/\/acervosvirtuais.ufpel.edu.br\/malg\/wp-json\/wp\/v2\/posts\/5568\/revisions\/5599"}],"wp:attachment":[{"href":"https:\/\/acervosvirtuais.ufpel.edu.br\/malg\/wp-json\/wp\/v2\/media?parent=5568"}],"wp:term":[{"taxonomy":"category","embeddable":true,"href":"https:\/\/acervosvirtuais.ufpel.edu.br\/malg\/wp-json\/wp\/v2\/categories?post=5568"},{"taxonomy":"post_tag","embeddable":true,"href":"https:\/\/acervosvirtuais.ufpel.edu.br\/malg\/wp-json\/wp\/v2\/tags?post=5568"}],"curies":[{"name":"wp","href":"https:\/\/api.w.org\/{rel}","templated":true}]}}